{"id":4718,"date":"2017-11-30T19:35:15","date_gmt":"2017-11-30T17:35:15","guid":{"rendered":"http:\/\/kathrinbode.de\/art\/?p=4718"},"modified":"2017-11-30T19:36:17","modified_gmt":"2017-11-30T17:36:17","slug":"da-auf-dem-baum","status":"publish","type":"post","link":"http:\/\/kathrinbode.de\/art\/2017\/11\/da-auf-dem-baum\/","title":{"rendered":"da auf dem Baum"},"content":{"rendered":"<p>genau dort, w\u00fcrde ich auch gerne sitzen. und mir das ganze gro\u00dfe und kleine weltliche chaos von oben nur anschauen!<br \/>\n<a href=\"https:\/\/i0.wp.com\/kathrinbode.de\/art\/wp-content\/uploads\/2017\/11\/klk-3.jpg\" rel=\"wpdevart_lightbox\"><img data-recalc-dims=\"1\" loading=\"lazy\" decoding=\"async\" data-attachment-id=\"4719\" data-permalink=\"http:\/\/kathrinbode.de\/art\/2017\/11\/da-auf-dem-baum\/klk-3\/\" data-orig-file=\"https:\/\/i0.wp.com\/kathrinbode.de\/art\/wp-content\/uploads\/2017\/11\/klk-3.jpg?fit=1000%2C667\" data-orig-size=\"1000,667\" data-comments-opened=\"1\" data-image-meta=\"{&quot;aperture&quot;:&quot;6.3&quot;,&quot;credit&quot;:&quot;&quot;,&quot;camera&quot;:&quot;NIKON D5300&quot;,&quot;caption&quot;:&quot;&quot;,&quot;created_timestamp&quot;:&quot;1511887173&quot;,&quot;copyright&quot;:&quot;&quot;,&quot;focal_length&quot;:&quot;600&quot;,&quot;iso&quot;:&quot;3200&quot;,&quot;shutter_speed&quot;:&quot;0.005&quot;,&quot;title&quot;:&quot;&quot;,&quot;orientation&quot;:&quot;1&quot;}\" data-image-title=\"klk (3)\" data-image-description=\"\" data-image-caption=\"\" data-large-file=\"https:\/\/i0.wp.com\/kathrinbode.de\/art\/wp-content\/uploads\/2017\/11\/klk-3.jpg?fit=1000%2C667\" class=\"aligncenter size-medium wp-image-4719\" src=\"https:\/\/i0.wp.com\/kathrinbode.de\/art\/wp-content\/uploads\/2017\/11\/klk-3.jpg?resize=300%2C200\" alt=\"\" width=\"300\" height=\"200\" srcset=\"https:\/\/i0.wp.com\/kathrinbode.de\/art\/wp-content\/uploads\/2017\/11\/klk-3.jpg?resize=300%2C200 300w, https:\/\/i0.wp.com\/kathrinbode.de\/art\/wp-content\/uploads\/2017\/11\/klk-3.jpg?resize=768%2C512 768w, https:\/\/i0.wp.com\/kathrinbode.de\/art\/wp-content\/uploads\/2017\/11\/klk-3.jpg?w=1000 1000w\" sizes=\"auto, (max-width: 300px) 100vw, 300px\" \/><\/a><\/p>\n","protected":false},"excerpt":{"rendered":"<p>genau dort, w\u00fcrde ich auch gerne sitzen. und mir das ganze gro\u00dfe und kleine weltliche chaos von oben nur anschauen!<\/p>\n","protected":false},"author":1,"featured_media":4719,"comment_status":"open","ping_status":"open","sticky":false,"template":"","format":"standard","meta":{"_themeisle_gutenberg_block_has_review":false,"jetpack_post_was_ever_published":false,"_jetpack_newsletter_access":"","_jetpack_dont_email_post_to_subs":false,"_jetpack_newsletter_tier_id":0,"_jetpack_memberships_contains_paywalled_content":false,"_jetpack_memberships_contains_paid_content":false,"footnotes":"","jetpack_publicize_message":"","jetpack_publicize_feature_enabled":true,"jetpack_social_post_already_shared":true,"jetpack_social_options":{"image_generator_settings":{"template":"highway","default_image_id":0,"font":"","enabled":false},"version":2}},"categories":[1],"tags":[],"class_list":["post-4718","post","type-post","status-publish","format-standard","has-post-thumbnail","hentry","category-uncategorized"],"jetpack_publicize_connections":[],"jetpack_featured_media_url":"https:\/\/i0.wp.com\/kathrinbode.de\/art\/wp-content\/uploads\/2017\/11\/klk-3.jpg?fit=1000%2C667","jetpack_sharing_enabled":true,"jetpack_shortlink":"https:\/\/wp.me\/p7Iyza-1e6","jetpack_likes_enabled":true,"jetpack-related-posts":[{"id":5051,"url":"http:\/\/kathrinbode.de\/art\/2018\/05\/zwergfledermaeuse\/","url_meta":{"origin":4718,"position":0},"title":"Zwergflederm\u00e4use","author":"Kathrin","date":"Mai 19, 2018","format":false,"excerpt":"Schon lange freue ich mich jedes Jahr, wenn die Flederm\u00e4use wieder fliegen. An warmen Abenden kann man hier auf dem Hof wunderbar ein paar einzelne Flederm\u00e4use beobachten. Niedrig und schnell, ganz knapp an einem vorbei. Dass wir uns pers\u00f6nlich kennenlernen sollten - wer h\u00e4tte das gedacht! Es war Samstag Abend,\u2026","rel":"","context":"In &quot;Fledermaus&quot;","block_context":{"text":"Fledermaus","link":"http:\/\/kathrinbode.de\/art\/category\/fledermaus\/"},"img":{"alt_text":"","src":"https:\/\/i0.wp.com\/kathrinbode.de\/art\/wp-content\/uploads\/2018\/05\/Nummer-Eins-1.jpg?fit=856%2C1200&resize=350%2C200","width":350,"height":200,"srcset":"https:\/\/i0.wp.com\/kathrinbode.de\/art\/wp-content\/uploads\/2018\/05\/Nummer-Eins-1.jpg?fit=856%2C1200&resize=350%2C200 1x, https:\/\/i0.wp.com\/kathrinbode.de\/art\/wp-content\/uploads\/2018\/05\/Nummer-Eins-1.jpg?fit=856%2C1200&resize=525%2C300 1.5x, https:\/\/i0.wp.com\/kathrinbode.de\/art\/wp-content\/uploads\/2018\/05\/Nummer-Eins-1.jpg?fit=856%2C1200&resize=700%2C400 2x"},"classes":[]},{"id":4735,"url":"http:\/\/kathrinbode.de\/art\/2017\/12\/diese-weihnachtszeit\/","url_meta":{"origin":4718,"position":1},"title":"diese weihnachtszeit","author":"Kathrin","date":"Dezember 17, 2017","format":false,"excerpt":"alle jahre eben wieder. es gibt dinge, die ich am dezember mag. dazu geh\u00f6ren die ganzen lichter in den fenstern. bei anderen leuten. ob grade, schief, gebogen, bunt oder blinkend. das mag ich. und kekse, die andere gebacken haben. und alles was leuchtet, glitzert und funkelt. den tannenbaum im haus\u2026","rel":"","context":"In &quot;dies und das&quot;","block_context":{"text":"dies und das","link":"http:\/\/kathrinbode.de\/art\/category\/dies-und-das\/"},"img":{"alt_text":"","src":"https:\/\/i0.wp.com\/kathrinbode.de\/art\/wp-content\/uploads\/2017\/12\/24_12_2016-Weihnachten-1.jpg?fit=1200%2C800&resize=350%2C200","width":350,"height":200,"srcset":"https:\/\/i0.wp.com\/kathrinbode.de\/art\/wp-content\/uploads\/2017\/12\/24_12_2016-Weihnachten-1.jpg?fit=1200%2C800&resize=350%2C200 1x, https:\/\/i0.wp.com\/kathrinbode.de\/art\/wp-content\/uploads\/2017\/12\/24_12_2016-Weihnachten-1.jpg?fit=1200%2C800&resize=525%2C300 1.5x, https:\/\/i0.wp.com\/kathrinbode.de\/art\/wp-content\/uploads\/2017\/12\/24_12_2016-Weihnachten-1.jpg?fit=1200%2C800&resize=700%2C400 2x, https:\/\/i0.wp.com\/kathrinbode.de\/art\/wp-content\/uploads\/2017\/12\/24_12_2016-Weihnachten-1.jpg?fit=1200%2C800&resize=1050%2C600 3x"},"classes":[]},{"id":8177,"url":"http:\/\/kathrinbode.de\/art\/2020\/06\/teiche-juni-2\/","url_meta":{"origin":4718,"position":2},"title":"Teiche Juni\/2","author":"Kathrin","date":"Juni 19, 2020","format":false,"excerpt":"Da wurde ein Blaukehlchen mit Nachwuchs gesichtet! Dort an der Stelle wurde es in den letzten Wochen hin und wieder mal gesehen, aber nun ja. Schwer zu finden ist es. Und ich habe nicht viel Geduld zum aufderstellerumstehenbisdervogelkommt. Ich bin ja der Meinung, die V\u00f6gel, die fotografiert werden wollen setzen\u2026","rel":"","context":"In &quot;Teiche&quot;","block_context":{"text":"Teiche","link":"http:\/\/kathrinbode.de\/art\/category\/foto\/teiche\/"},"img":{"alt_text":"","src":"https:\/\/i0.wp.com\/kathrinbode.de\/art\/wp-content\/uploads\/2020\/06\/17_06_2020-2.jpg?fit=1000%2C619&resize=350%2C200","width":350,"height":200,"srcset":"https:\/\/i0.wp.com\/kathrinbode.de\/art\/wp-content\/uploads\/2020\/06\/17_06_2020-2.jpg?fit=1000%2C619&resize=350%2C200 1x, https:\/\/i0.wp.com\/kathrinbode.de\/art\/wp-content\/uploads\/2020\/06\/17_06_2020-2.jpg?fit=1000%2C619&resize=525%2C300 1.5x, https:\/\/i0.wp.com\/kathrinbode.de\/art\/wp-content\/uploads\/2020\/06\/17_06_2020-2.jpg?fit=1000%2C619&resize=700%2C400 2x"},"classes":[]},{"id":7931,"url":"http:\/\/kathrinbode.de\/art\/2020\/05\/tierrettung-laufente-mauersegler\/","url_meta":{"origin":4718,"position":3},"title":"Tierrettung Laufente &#038; Mauersegler","author":"Kathrin","date":"Mai 24, 2020","format":false,"excerpt":"Rettungsaktion Nummer 1: Da gab es einen morgendlichen Anruf: Ente auf der Stra\u00dfe! Vom Bett also zum Enteneinfangen. Der Erpel ist eine Laufente und somit ein Haustier. Und er war mitten auf der Kreuzung unterwegs. Das Einfangen ging sogar recht schnell. Und so fuhr er erst einmal mit meiner Mutter\u2026","rel":"","context":"In &quot;Tierrettung&quot;","block_context":{"text":"Tierrettung","link":"http:\/\/kathrinbode.de\/art\/category\/tierrettung\/"},"img":{"alt_text":"","src":"https:\/\/i0.wp.com\/kathrinbode.de\/art\/wp-content\/uploads\/2020\/05\/IMG_2716.jpg?fit=1199%2C899&resize=350%2C200","width":350,"height":200,"srcset":"https:\/\/i0.wp.com\/kathrinbode.de\/art\/wp-content\/uploads\/2020\/05\/IMG_2716.jpg?fit=1199%2C899&resize=350%2C200 1x, https:\/\/i0.wp.com\/kathrinbode.de\/art\/wp-content\/uploads\/2020\/05\/IMG_2716.jpg?fit=1199%2C899&resize=525%2C300 1.5x, https:\/\/i0.wp.com\/kathrinbode.de\/art\/wp-content\/uploads\/2020\/05\/IMG_2716.jpg?fit=1199%2C899&resize=700%2C400 2x, https:\/\/i0.wp.com\/kathrinbode.de\/art\/wp-content\/uploads\/2020\/05\/IMG_2716.jpg?fit=1199%2C899&resize=1050%2C600 3x"},"classes":[]},{"id":8127,"url":"http:\/\/kathrinbode.de\/art\/2020\/06\/teiche-juni-1\/","url_meta":{"origin":4718,"position":4},"title":"Teiche Juni \/ 1","author":"Kathrin","date":"Juni 14, 2020","format":false,"excerpt":"Die Fotos sind von den ersten drei Teiche-Besuchen im Juni.Fangen wir an mit den Rothalstauchern. Da wird ja gebr\u00fctet ohne Ende, wie es scheint. Und w\u00e4hrend die H\u00e4lse auf 2v noch nur Eier im Nest haben, haben es die Rothalstaucher auf dem SE-Becken geschafft! Am 12. Juni blicken zwei kleine\u2026","rel":"","context":"In &quot;Teiche&quot;","block_context":{"text":"Teiche","link":"http:\/\/kathrinbode.de\/art\/category\/foto\/teiche\/"},"img":{"alt_text":"","src":"https:\/\/i0.wp.com\/kathrinbode.de\/art\/wp-content\/uploads\/2020\/06\/12_06_2020-Schwanzmeise-1.jpg?fit=1000%2C684&resize=350%2C200","width":350,"height":200,"srcset":"https:\/\/i0.wp.com\/kathrinbode.de\/art\/wp-content\/uploads\/2020\/06\/12_06_2020-Schwanzmeise-1.jpg?fit=1000%2C684&resize=350%2C200 1x, https:\/\/i0.wp.com\/kathrinbode.de\/art\/wp-content\/uploads\/2020\/06\/12_06_2020-Schwanzmeise-1.jpg?fit=1000%2C684&resize=525%2C300 1.5x, https:\/\/i0.wp.com\/kathrinbode.de\/art\/wp-content\/uploads\/2020\/06\/12_06_2020-Schwanzmeise-1.jpg?fit=1000%2C684&resize=700%2C400 2x"},"classes":[]},{"id":20697,"url":"http:\/\/kathrinbode.de\/art\/2025\/08\/die-sache-mit-dem-nicht-gerettetem-storch\/","url_meta":{"origin":4718,"position":5},"title":"Die Sache mit dem (nicht-)gerettetem Storch","author":"Kathrin","date":"August 8, 2025","format":false,"excerpt":"Dass das solche Wellen schl\u00e4gt - damit h\u00e4tten wir nicht gerechnet. Aber wie war das eigentlich genau?Es war Sonntag. Nicht so tolles Wetter, Regen. An den Teichen, nein, in einem Teich stand ein Storch. Erstmal ja nichts ungew\u00f6hnliches. Wobei St\u00f6rche dort im Wasser selten sind. Sie sind eher auf den\u2026","rel":"","context":"In &quot;2025&quot;","block_context":{"text":"2025","link":"http:\/\/kathrinbode.de\/art\/category\/2025\/"},"img":{"alt_text":"","src":"https:\/\/i0.wp.com\/kathrinbode.de\/art\/wp-content\/uploads\/2025\/08\/03_08_2025-Weissstorch-1.jpg?fit=1200%2C800&resize=350%2C200","width":350,"height":200,"srcset":"https:\/\/i0.wp.com\/kathrinbode.de\/art\/wp-content\/uploads\/2025\/08\/03_08_2025-Weissstorch-1.jpg?fit=1200%2C800&resize=350%2C200 1x, https:\/\/i0.wp.com\/kathrinbode.de\/art\/wp-content\/uploads\/2025\/08\/03_08_2025-Weissstorch-1.jpg?fit=1200%2C800&resize=525%2C300 1.5x, https:\/\/i0.wp.com\/kathrinbode.de\/art\/wp-content\/uploads\/2025\/08\/03_08_2025-Weissstorch-1.jpg?fit=1200%2C800&resize=700%2C400 2x, https:\/\/i0.wp.com\/kathrinbode.de\/art\/wp-content\/uploads\/2025\/08\/03_08_2025-Weissstorch-1.jpg?fit=1200%2C800&resize=1050%2C600 3x"},"classes":[]}],"_links":{"self":[{"href":"http:\/\/kathrinbode.de\/art\/wp-json\/wp\/v2\/posts\/4718","targetHints":{"allow":["GET"]}}],"collection":[{"href":"http:\/\/kathrinbode.de\/art\/wp-json\/wp\/v2\/posts"}],"about":[{"href":"http:\/\/kathrinbode.de\/art\/wp-json\/wp\/v2\/types\/post"}],"author":[{"embeddable":true,"href":"http:\/\/kathrinbode.de\/art\/wp-json\/wp\/v2\/users\/1"}],"replies":[{"embeddable":true,"href":"http:\/\/kathrinbode.de\/art\/wp-json\/wp\/v2\/comments?post=4718"}],"version-history":[{"count":2,"href":"http:\/\/kathrinbode.de\/art\/wp-json\/wp\/v2\/posts\/4718\/revisions"}],"predecessor-version":[{"id":4721,"href":"http:\/\/kathrinbode.de\/art\/wp-json\/wp\/v2\/posts\/4718\/revisions\/4721"}],"wp:featuredmedia":[{"embeddable":true,"href":"http:\/\/kathrinbode.de\/art\/wp-json\/wp\/v2\/media\/4719"}],"wp:attachment":[{"href":"http:\/\/kathrinbode.de\/art\/wp-json\/wp\/v2\/media?parent=4718"}],"wp:term":[{"taxonomy":"category","embeddable":true,"href":"http:\/\/kathrinbode.de\/art\/wp-json\/wp\/v2\/categories?post=4718"},{"taxonomy":"post_tag","embeddable":true,"href":"http:\/\/kathrinbode.de\/art\/wp-json\/wp\/v2\/tags?post=4718"}],"curies":[{"name":"wp","href":"https:\/\/api.w.org\/{rel}","templated":true}]}}