{"id":6816,"date":"2020-01-14T19:09:04","date_gmt":"2020-01-14T17:09:04","guid":{"rendered":"http:\/\/kathrinbode.de\/art\/?p=6816"},"modified":"2020-01-14T19:09:10","modified_gmt":"2020-01-14T17:09:10","slug":"marder-im-garten","status":"publish","type":"post","link":"http:\/\/kathrinbode.de\/art\/2020\/01\/marder-im-garten\/","title":{"rendered":"Marder im Garten"},"content":{"rendered":"\n<p class=\"has-drop-cap\">Die Wildtierkamera im Garten hat eine kleine Marder-Show aufgenommen. Mich freut das ja sehr, weil ich dieses lustige, wuschelige, durch den Garten h\u00fcpfende Wesen sehr mag. Aber ich habe ja auch kein Auto. <br>Meine Mutter macht nun Vogelfutter selber &#8211; und die Reste, die davon \u00fcbrig geblieben sind hatte sie an den Vogelfutterplatz gelegt. Der Marder hat alles aufgegessen \ud83d\ude42 Fotos &amp; Video &lt;3<\/p>\n\n\n\n<figure class=\"wp-block-gallery aligncenter columns-5 is-cropped wp-block-gallery-1 is-layout-flex wp-block-gallery-is-layout-flex\"><ul class=\"blocks-gallery-grid\"><li class=\"blocks-gallery-item\"><figure><a href=\"https:\/\/i0.wp.com\/kathrinbode.de\/art\/wp-content\/uploads\/2020\/01\/11_01_2020-Wildtierkamera-7.jpg?fit=800%2C600\" rel=\"wpdevart_lightbox\"><img data-recalc-dims=\"1\" loading=\"lazy\" decoding=\"async\" width=\"800\" height=\"600\" data-attachment-id=\"6817\" data-permalink=\"http:\/\/kathrinbode.de\/art\/2020\/01\/marder-im-garten\/11_01_2020-wildtierkamera-7\/\" data-orig-file=\"https:\/\/i0.wp.com\/kathrinbode.de\/art\/wp-content\/uploads\/2020\/01\/11_01_2020-Wildtierkamera-7.jpg?fit=800%2C600\" data-orig-size=\"800,600\" data-comments-opened=\"1\" data-image-meta=\"{&quot;aperture&quot;:&quot;0&quot;,&quot;credit&quot;:&quot;&quot;,&quot;camera&quot;:&quot;&quot;,&quot;caption&quot;:&quot;&quot;,&quot;created_timestamp&quot;:&quot;0&quot;,&quot;copyright&quot;:&quot;&quot;,&quot;focal_length&quot;:&quot;0&quot;,&quot;iso&quot;:&quot;0&quot;,&quot;shutter_speed&quot;:&quot;0&quot;,&quot;title&quot;:&quot;&quot;,&quot;orientation&quot;:&quot;0&quot;}\" data-image-title=\"11_01_2020-Wildtierkamera-7\" data-image-description=\"\" data-image-caption=\"\" data-large-file=\"https:\/\/i0.wp.com\/kathrinbode.de\/art\/wp-content\/uploads\/2020\/01\/11_01_2020-Wildtierkamera-7.jpg?fit=800%2C600\" src=\"https:\/\/i0.wp.com\/kathrinbode.de\/art\/wp-content\/uploads\/2020\/01\/11_01_2020-Wildtierkamera-7.jpg?resize=800%2C600\" alt=\"\" data-id=\"6817\" data-full-url=\"https:\/\/i0.wp.com\/kathrinbode.de\/art\/wp-content\/uploads\/2020\/01\/11_01_2020-Wildtierkamera-7.jpg?fit=800%2C600\" data-link=\"http:\/\/kathrinbode.de\/art\/?attachment_id=6817\" class=\"wp-image-6817\" srcset=\"https:\/\/i0.wp.com\/kathrinbode.de\/art\/wp-content\/uploads\/2020\/01\/11_01_2020-Wildtierkamera-7.jpg?w=800 800w, https:\/\/i0.wp.com\/kathrinbode.de\/art\/wp-content\/uploads\/2020\/01\/11_01_2020-Wildtierkamera-7.jpg?resize=300%2C225 300w, https:\/\/i0.wp.com\/kathrinbode.de\/art\/wp-content\/uploads\/2020\/01\/11_01_2020-Wildtierkamera-7.jpg?resize=768%2C576 768w\" sizes=\"auto, (max-width: 800px) 100vw, 800px\" \/><\/a><\/figure><\/li><li class=\"blocks-gallery-item\"><figure><a href=\"https:\/\/i1.wp.com\/kathrinbode.de\/art\/wp-content\/uploads\/2020\/01\/11_01_2020-Wildtierkamera-8.jpg?fit=800%2C600\" rel=\"wpdevart_lightbox\"><img data-recalc-dims=\"1\" loading=\"lazy\" decoding=\"async\" width=\"800\" height=\"600\" data-attachment-id=\"6818\" data-permalink=\"http:\/\/kathrinbode.de\/art\/2020\/01\/marder-im-garten\/11_01_2020-wildtierkamera-8\/\" data-orig-file=\"https:\/\/i0.wp.com\/kathrinbode.de\/art\/wp-content\/uploads\/2020\/01\/11_01_2020-Wildtierkamera-8.jpg?fit=800%2C600\" data-orig-size=\"800,600\" data-comments-opened=\"1\" data-image-meta=\"{&quot;aperture&quot;:&quot;0&quot;,&quot;credit&quot;:&quot;&quot;,&quot;camera&quot;:&quot;&quot;,&quot;caption&quot;:&quot;&quot;,&quot;created_timestamp&quot;:&quot;0&quot;,&quot;copyright&quot;:&quot;&quot;,&quot;focal_length&quot;:&quot;0&quot;,&quot;iso&quot;:&quot;0&quot;,&quot;shutter_speed&quot;:&quot;0&quot;,&quot;title&quot;:&quot;&quot;,&quot;orientation&quot;:&quot;0&quot;}\" data-image-title=\"11_01_2020-Wildtierkamera-8\" data-image-description=\"\" data-image-caption=\"\" data-large-file=\"https:\/\/i0.wp.com\/kathrinbode.de\/art\/wp-content\/uploads\/2020\/01\/11_01_2020-Wildtierkamera-8.jpg?fit=800%2C600\" src=\"https:\/\/i0.wp.com\/kathrinbode.de\/art\/wp-content\/uploads\/2020\/01\/11_01_2020-Wildtierkamera-8.jpg?resize=800%2C600\" alt=\"\" data-id=\"6818\" data-full-url=\"https:\/\/i1.wp.com\/kathrinbode.de\/art\/wp-content\/uploads\/2020\/01\/11_01_2020-Wildtierkamera-8.jpg?fit=800%2C600\" data-link=\"http:\/\/kathrinbode.de\/art\/?attachment_id=6818\" class=\"wp-image-6818\" srcset=\"https:\/\/i0.wp.com\/kathrinbode.de\/art\/wp-content\/uploads\/2020\/01\/11_01_2020-Wildtierkamera-8.jpg?w=800 800w, https:\/\/i0.wp.com\/kathrinbode.de\/art\/wp-content\/uploads\/2020\/01\/11_01_2020-Wildtierkamera-8.jpg?resize=300%2C225 300w, https:\/\/i0.wp.com\/kathrinbode.de\/art\/wp-content\/uploads\/2020\/01\/11_01_2020-Wildtierkamera-8.jpg?resize=768%2C576 768w\" sizes=\"auto, (max-width: 800px) 100vw, 800px\" \/><\/a><\/figure><\/li><li class=\"blocks-gallery-item\"><figure><a href=\"https:\/\/i0.wp.com\/kathrinbode.de\/art\/wp-content\/uploads\/2020\/01\/11_01_2020-Wildtierkamera-9.jpg?fit=800%2C600\" rel=\"wpdevart_lightbox\"><img data-recalc-dims=\"1\" loading=\"lazy\" decoding=\"async\" width=\"800\" height=\"600\" data-attachment-id=\"6819\" data-permalink=\"http:\/\/kathrinbode.de\/art\/2020\/01\/marder-im-garten\/11_01_2020-wildtierkamera-9\/\" data-orig-file=\"https:\/\/i0.wp.com\/kathrinbode.de\/art\/wp-content\/uploads\/2020\/01\/11_01_2020-Wildtierkamera-9.jpg?fit=800%2C600\" data-orig-size=\"800,600\" data-comments-opened=\"1\" data-image-meta=\"{&quot;aperture&quot;:&quot;0&quot;,&quot;credit&quot;:&quot;&quot;,&quot;camera&quot;:&quot;&quot;,&quot;caption&quot;:&quot;&quot;,&quot;created_timestamp&quot;:&quot;0&quot;,&quot;copyright&quot;:&quot;&quot;,&quot;focal_length&quot;:&quot;0&quot;,&quot;iso&quot;:&quot;0&quot;,&quot;shutter_speed&quot;:&quot;0&quot;,&quot;title&quot;:&quot;&quot;,&quot;orientation&quot;:&quot;0&quot;}\" data-image-title=\"11_01_2020-Wildtierkamera-9\" data-image-description=\"\" data-image-caption=\"\" data-large-file=\"https:\/\/i0.wp.com\/kathrinbode.de\/art\/wp-content\/uploads\/2020\/01\/11_01_2020-Wildtierkamera-9.jpg?fit=800%2C600\" src=\"https:\/\/i0.wp.com\/kathrinbode.de\/art\/wp-content\/uploads\/2020\/01\/11_01_2020-Wildtierkamera-9.jpg?resize=800%2C600\" alt=\"\" data-id=\"6819\" data-full-url=\"https:\/\/i0.wp.com\/kathrinbode.de\/art\/wp-content\/uploads\/2020\/01\/11_01_2020-Wildtierkamera-9.jpg?fit=800%2C600\" data-link=\"http:\/\/kathrinbode.de\/art\/?attachment_id=6819\" class=\"wp-image-6819\" srcset=\"https:\/\/i0.wp.com\/kathrinbode.de\/art\/wp-content\/uploads\/2020\/01\/11_01_2020-Wildtierkamera-9.jpg?w=800 800w, https:\/\/i0.wp.com\/kathrinbode.de\/art\/wp-content\/uploads\/2020\/01\/11_01_2020-Wildtierkamera-9.jpg?resize=300%2C225 300w, https:\/\/i0.wp.com\/kathrinbode.de\/art\/wp-content\/uploads\/2020\/01\/11_01_2020-Wildtierkamera-9.jpg?resize=768%2C576 768w\" sizes=\"auto, (max-width: 800px) 100vw, 800px\" \/><\/a><\/figure><\/li><li class=\"blocks-gallery-item\"><figure><a href=\"https:\/\/i1.wp.com\/kathrinbode.de\/art\/wp-content\/uploads\/2020\/01\/11_01_2020-Wildtierkamera-10.jpg?fit=800%2C600\" rel=\"wpdevart_lightbox\"><img data-recalc-dims=\"1\" loading=\"lazy\" decoding=\"async\" width=\"800\" height=\"600\" data-attachment-id=\"6820\" data-permalink=\"http:\/\/kathrinbode.de\/art\/2020\/01\/marder-im-garten\/11_01_2020-wildtierkamera-10\/\" data-orig-file=\"https:\/\/i0.wp.com\/kathrinbode.de\/art\/wp-content\/uploads\/2020\/01\/11_01_2020-Wildtierkamera-10.jpg?fit=800%2C600\" data-orig-size=\"800,600\" data-comments-opened=\"1\" data-image-meta=\"{&quot;aperture&quot;:&quot;0&quot;,&quot;credit&quot;:&quot;&quot;,&quot;camera&quot;:&quot;&quot;,&quot;caption&quot;:&quot;&quot;,&quot;created_timestamp&quot;:&quot;0&quot;,&quot;copyright&quot;:&quot;&quot;,&quot;focal_length&quot;:&quot;0&quot;,&quot;iso&quot;:&quot;0&quot;,&quot;shutter_speed&quot;:&quot;0&quot;,&quot;title&quot;:&quot;&quot;,&quot;orientation&quot;:&quot;0&quot;}\" data-image-title=\"11_01_2020-Wildtierkamera-10\" data-image-description=\"\" data-image-caption=\"\" data-large-file=\"https:\/\/i0.wp.com\/kathrinbode.de\/art\/wp-content\/uploads\/2020\/01\/11_01_2020-Wildtierkamera-10.jpg?fit=800%2C600\" src=\"https:\/\/i0.wp.com\/kathrinbode.de\/art\/wp-content\/uploads\/2020\/01\/11_01_2020-Wildtierkamera-10.jpg?resize=800%2C600\" alt=\"\" data-id=\"6820\" data-full-url=\"https:\/\/i1.wp.com\/kathrinbode.de\/art\/wp-content\/uploads\/2020\/01\/11_01_2020-Wildtierkamera-10.jpg?fit=800%2C600\" data-link=\"http:\/\/kathrinbode.de\/art\/?attachment_id=6820\" class=\"wp-image-6820\" srcset=\"https:\/\/i0.wp.com\/kathrinbode.de\/art\/wp-content\/uploads\/2020\/01\/11_01_2020-Wildtierkamera-10.jpg?w=800 800w, https:\/\/i0.wp.com\/kathrinbode.de\/art\/wp-content\/uploads\/2020\/01\/11_01_2020-Wildtierkamera-10.jpg?resize=300%2C225 300w, https:\/\/i0.wp.com\/kathrinbode.de\/art\/wp-content\/uploads\/2020\/01\/11_01_2020-Wildtierkamera-10.jpg?resize=768%2C576 768w\" sizes=\"auto, (max-width: 800px) 100vw, 800px\" \/><\/a><\/figure><\/li><li class=\"blocks-gallery-item\"><figure><a href=\"https:\/\/i1.wp.com\/kathrinbode.de\/art\/wp-content\/uploads\/2020\/01\/11_01_2020-Wildtierkamera-11.jpg?fit=800%2C600\" rel=\"wpdevart_lightbox\"><img data-recalc-dims=\"1\" loading=\"lazy\" decoding=\"async\" width=\"800\" height=\"600\" data-attachment-id=\"6821\" data-permalink=\"http:\/\/kathrinbode.de\/art\/2020\/01\/marder-im-garten\/11_01_2020-wildtierkamera-11\/\" data-orig-file=\"https:\/\/i0.wp.com\/kathrinbode.de\/art\/wp-content\/uploads\/2020\/01\/11_01_2020-Wildtierkamera-11.jpg?fit=800%2C600\" data-orig-size=\"800,600\" data-comments-opened=\"1\" data-image-meta=\"{&quot;aperture&quot;:&quot;0&quot;,&quot;credit&quot;:&quot;&quot;,&quot;camera&quot;:&quot;&quot;,&quot;caption&quot;:&quot;&quot;,&quot;created_timestamp&quot;:&quot;0&quot;,&quot;copyright&quot;:&quot;&quot;,&quot;focal_length&quot;:&quot;0&quot;,&quot;iso&quot;:&quot;0&quot;,&quot;shutter_speed&quot;:&quot;0&quot;,&quot;title&quot;:&quot;&quot;,&quot;orientation&quot;:&quot;0&quot;}\" data-image-title=\"11_01_2020-Wildtierkamera-11\" data-image-description=\"\" data-image-caption=\"\" data-large-file=\"https:\/\/i0.wp.com\/kathrinbode.de\/art\/wp-content\/uploads\/2020\/01\/11_01_2020-Wildtierkamera-11.jpg?fit=800%2C600\" src=\"https:\/\/i0.wp.com\/kathrinbode.de\/art\/wp-content\/uploads\/2020\/01\/11_01_2020-Wildtierkamera-11.jpg?resize=800%2C600\" alt=\"\" data-id=\"6821\" data-full-url=\"https:\/\/i1.wp.com\/kathrinbode.de\/art\/wp-content\/uploads\/2020\/01\/11_01_2020-Wildtierkamera-11.jpg?fit=800%2C600\" data-link=\"http:\/\/kathrinbode.de\/art\/?attachment_id=6821\" class=\"wp-image-6821\" srcset=\"https:\/\/i0.wp.com\/kathrinbode.de\/art\/wp-content\/uploads\/2020\/01\/11_01_2020-Wildtierkamera-11.jpg?w=800 800w, https:\/\/i0.wp.com\/kathrinbode.de\/art\/wp-content\/uploads\/2020\/01\/11_01_2020-Wildtierkamera-11.jpg?resize=300%2C225 300w, https:\/\/i0.wp.com\/kathrinbode.de\/art\/wp-content\/uploads\/2020\/01\/11_01_2020-Wildtierkamera-11.jpg?resize=768%2C576 768w\" sizes=\"auto, (max-width: 800px) 100vw, 800px\" \/><\/a><\/figure><\/li><\/ul><\/figure>\n\n\n\n<figure class=\"wp-block-embed-youtube wp-block-embed is-type-video is-provider-youtube wp-embed-aspect-16-9 wp-has-aspect-ratio\"><div class=\"wp-block-embed__wrapper\">\n<span class=\"embed-youtube\" style=\"text-align:center; display: block;\"><iframe loading=\"lazy\" class=\"youtube-player\" width=\"640\" height=\"360\" src=\"https:\/\/www.youtube.com\/embed\/oQq87d8KDug?version=3&#038;rel=1&#038;showsearch=0&#038;showinfo=1&#038;iv_load_policy=1&#038;fs=1&#038;hl=de-DE&#038;autohide=2&#038;wmode=transparent\" allowfullscreen=\"true\" style=\"border:0;\" sandbox=\"allow-scripts allow-same-origin allow-popups allow-presentation allow-popups-to-escape-sandbox\"><\/iframe><\/span>\n<\/div><\/figure>\n","protected":false},"excerpt":{"rendered":"<p>Die Wildtierkamera im Garten hat eine kleine Marder-Show aufgenommen. Mich freut das ja sehr, weil ich dieses lustige, wuschelige, durch den Garten h\u00fcpfende Wesen sehr mag. Aber ich habe ja&hellip;<\/p>\n","protected":false},"author":1,"featured_media":6819,"comment_status":"open","ping_status":"open","sticky":false,"template":"","format":"standard","meta":{"_themeisle_gutenberg_block_has_review":false,"jetpack_post_was_ever_published":false,"_jetpack_newsletter_access":"","_jetpack_dont_email_post_to_subs":false,"_jetpack_newsletter_tier_id":0,"_jetpack_memberships_contains_paywalled_content":false,"_jetpack_memberships_contains_paid_content":false,"footnotes":"","jetpack_publicize_message":"","jetpack_publicize_feature_enabled":true,"jetpack_social_post_already_shared":true,"jetpack_social_options":{"image_generator_settings":{"template":"highway","default_image_id":0,"font":"","enabled":false},"version":2}},"categories":[115,149],"tags":[250],"class_list":["post-6816","post","type-post","status-publish","format-standard","has-post-thumbnail","hentry","category-garten","category-wildtierkamera","tag-marder"],"jetpack_publicize_connections":[],"jetpack_featured_media_url":"https:\/\/i0.wp.com\/kathrinbode.de\/art\/wp-content\/uploads\/2020\/01\/11_01_2020-Wildtierkamera-9.jpg?fit=800%2C600","jetpack_sharing_enabled":true,"jetpack_shortlink":"https:\/\/wp.me\/p7Iyza-1LW","jetpack_likes_enabled":true,"jetpack-related-posts":[{"id":11344,"url":"http:\/\/kathrinbode.de\/art\/2022\/03\/garten-februar-2022\/","url_meta":{"origin":6816,"position":0},"title":"Garten Februar 2022","author":"Kathrin","date":"M\u00e4rz 5, 2022","format":false,"excerpt":"Im Garten gabs Blaumeise, Kohlmeise, Spatz, Heckenbraunelle, Kr\u00e4he, Ringeltaube und tats\u00e4chlich ein M\u00f6nchsgrasm\u00fccken-Paar. Bisschen schr\u00e4g f\u00fcr diese Jahreszeit, aber wir beschweren uns nicht. Kurz vor Sturm Nummer 1 - glaube ich - gab es einen krassen Regenbogen. Eine Ringeltaube hat diesen als Hintergrund f\u00fcr ein Foto genutzt. Aus dem Fenster\u2026","rel":"","context":"In &quot;aus dem Fenster&quot;","block_context":{"text":"aus dem Fenster","link":"http:\/\/kathrinbode.de\/art\/category\/aus-dem-fenster\/"},"img":{"alt_text":"","src":"https:\/\/i0.wp.com\/kathrinbode.de\/art\/wp-content\/uploads\/2022\/02\/18_02_2022-Regenbogen-Taube-1.jpg?fit=1200%2C801&resize=350%2C200","width":350,"height":200,"srcset":"https:\/\/i0.wp.com\/kathrinbode.de\/art\/wp-content\/uploads\/2022\/02\/18_02_2022-Regenbogen-Taube-1.jpg?fit=1200%2C801&resize=350%2C200 1x, https:\/\/i0.wp.com\/kathrinbode.de\/art\/wp-content\/uploads\/2022\/02\/18_02_2022-Regenbogen-Taube-1.jpg?fit=1200%2C801&resize=525%2C300 1.5x, https:\/\/i0.wp.com\/kathrinbode.de\/art\/wp-content\/uploads\/2022\/02\/18_02_2022-Regenbogen-Taube-1.jpg?fit=1200%2C801&resize=700%2C400 2x, https:\/\/i0.wp.com\/kathrinbode.de\/art\/wp-content\/uploads\/2022\/02\/18_02_2022-Regenbogen-Taube-1.jpg?fit=1200%2C801&resize=1050%2C600 3x"},"classes":[]},{"id":15667,"url":"http:\/\/kathrinbode.de\/art\/2023\/10\/2023-september-wildtierkamera-garten\/","url_meta":{"origin":6816,"position":1},"title":"2023 September Wildtierkamera Garten","author":"Kathrin","date":"Oktober 4, 2023","format":false,"excerpt":"Zwei mal stand die Kamera (bzw. die Kameras) im Garten. Der Marder hat sich sehr \u00fcber die Eier gefreut ;) Verschiedene Igel waren unterwegs. Einer von ihnen hat Kratz-Akrobatik gezeigt. Und diesmal mit dabei: einige Nager Am Tag: Viele, viele Stare, Haussperling, Rotkehlchen, Kohlmeise, T\u00fcrkentaube, Elster und Kr\u00e4he Und die\u2026","rel":"","context":"In &quot;Garten&quot;","block_context":{"text":"Garten","link":"http:\/\/kathrinbode.de\/art\/category\/garten\/"},"img":{"alt_text":"","src":"https:\/\/i0.wp.com\/kathrinbode.de\/art\/wp-content\/uploads\/2023\/10\/09_September-Wildtierkamera-Garten-Marder-7.jpg?fit=1200%2C675&resize=350%2C200","width":350,"height":200,"srcset":"https:\/\/i0.wp.com\/kathrinbode.de\/art\/wp-content\/uploads\/2023\/10\/09_September-Wildtierkamera-Garten-Marder-7.jpg?fit=1200%2C675&resize=350%2C200 1x, https:\/\/i0.wp.com\/kathrinbode.de\/art\/wp-content\/uploads\/2023\/10\/09_September-Wildtierkamera-Garten-Marder-7.jpg?fit=1200%2C675&resize=525%2C300 1.5x, https:\/\/i0.wp.com\/kathrinbode.de\/art\/wp-content\/uploads\/2023\/10\/09_September-Wildtierkamera-Garten-Marder-7.jpg?fit=1200%2C675&resize=700%2C400 2x, https:\/\/i0.wp.com\/kathrinbode.de\/art\/wp-content\/uploads\/2023\/10\/09_September-Wildtierkamera-Garten-Marder-7.jpg?fit=1200%2C675&resize=1050%2C600 3x"},"classes":[]},{"id":10676,"url":"http:\/\/kathrinbode.de\/art\/2021\/10\/wildtierkamera-garten-september-2021\/","url_meta":{"origin":6816,"position":2},"title":"Wildtierkamera Garten September 2021","author":"Kathrin","date":"Oktober 4, 2021","format":false,"excerpt":"Die Kamera stand einige Male im Garten. Und brachte ein R\u00e4tselbild mit. Was sitzt dort links bitte? das R\u00e4tselbildeinmal aufgehellt Die Igelshow. Und eine kleine Maus. Und der Marder :) Hunter CameraHunter CameraMarderMarderMausHunter Camera Die \u00fcblichen Verd\u00e4chtigen... https:\/\/youtu.be\/oPIdRn3bQkc https:\/\/www.youtube.com\/watch?v=lR7Sm4og-6Y&t=3s https:\/\/youtu.be\/8BWfhbehZIo","rel":"","context":"In &quot;Garten&quot;","block_context":{"text":"Garten","link":"http:\/\/kathrinbode.de\/art\/category\/garten\/"},"img":{"alt_text":"","src":"https:\/\/i0.wp.com\/kathrinbode.de\/art\/wp-content\/uploads\/2021\/10\/Wildtierkamera-22_09_2021-24.jpg?fit=1200%2C900&resize=350%2C200","width":350,"height":200,"srcset":"https:\/\/i0.wp.com\/kathrinbode.de\/art\/wp-content\/uploads\/2021\/10\/Wildtierkamera-22_09_2021-24.jpg?fit=1200%2C900&resize=350%2C200 1x, https:\/\/i0.wp.com\/kathrinbode.de\/art\/wp-content\/uploads\/2021\/10\/Wildtierkamera-22_09_2021-24.jpg?fit=1200%2C900&resize=525%2C300 1.5x, https:\/\/i0.wp.com\/kathrinbode.de\/art\/wp-content\/uploads\/2021\/10\/Wildtierkamera-22_09_2021-24.jpg?fit=1200%2C900&resize=700%2C400 2x, https:\/\/i0.wp.com\/kathrinbode.de\/art\/wp-content\/uploads\/2021\/10\/Wildtierkamera-22_09_2021-24.jpg?fit=1200%2C900&resize=1050%2C600 3x"},"classes":[]},{"id":12824,"url":"http:\/\/kathrinbode.de\/art\/2022\/09\/im-garten-wildtierkamera-august-2022\/","url_meta":{"origin":6816,"position":3},"title":"Im Garten &#038; Wildtierkamera August 2022","author":"Kathrin","date":"September 10, 2022","format":false,"excerpt":"So viel gibt es aus dem Garten gar nicht zu berichten - einige sehr wenige Fotos von meiner Mutter und mir Und von der Wildtierkamera. Da sind die Stare die Hauptstars - begleitet von Elster, Kr\u00e4he, Ringeltaube, Eichelh\u00e4her, Amsel und Sperling. In der Nacht: Igel, Marder und Kater Daf\u00fcr gibt\u2026","rel":"","context":"In &quot;Garten&quot;","block_context":{"text":"Garten","link":"http:\/\/kathrinbode.de\/art\/category\/garten\/"},"img":{"alt_text":"","src":"https:\/\/i0.wp.com\/kathrinbode.de\/art\/wp-content\/uploads\/2022\/09\/Wildtierkamera-23_08_2022-8-1.jpg?fit=1200%2C675&resize=350%2C200","width":350,"height":200,"srcset":"https:\/\/i0.wp.com\/kathrinbode.de\/art\/wp-content\/uploads\/2022\/09\/Wildtierkamera-23_08_2022-8-1.jpg?fit=1200%2C675&resize=350%2C200 1x, https:\/\/i0.wp.com\/kathrinbode.de\/art\/wp-content\/uploads\/2022\/09\/Wildtierkamera-23_08_2022-8-1.jpg?fit=1200%2C675&resize=525%2C300 1.5x, https:\/\/i0.wp.com\/kathrinbode.de\/art\/wp-content\/uploads\/2022\/09\/Wildtierkamera-23_08_2022-8-1.jpg?fit=1200%2C675&resize=700%2C400 2x, https:\/\/i0.wp.com\/kathrinbode.de\/art\/wp-content\/uploads\/2022\/09\/Wildtierkamera-23_08_2022-8-1.jpg?fit=1200%2C675&resize=1050%2C600 3x"},"classes":[]},{"id":6339,"url":"http:\/\/kathrinbode.de\/art\/2019\/10\/wildtierkamera-im-garten\/","url_meta":{"origin":6816,"position":4},"title":"Wildtierkamera im Garten","author":"Kathrin","date":"Oktober 13, 2019","format":false,"excerpt":"Letztes Wochenende stand die Wildtierkamera wieder im Garten. Und das war die Nacht, in der Katze (Luna) h\u00e4ufig zu Besuch war. Das Essen hat sie sich mit einem Igel geteilt. Die andere Katze: Name unbekannt. Geteilt haben die Igel auch untereinander. Vor allem zu meiner Freude: Freund Marder! Am Morgen\u2026","rel":"","context":"In &quot;Wildtierkamera&quot;","block_context":{"text":"Wildtierkamera","link":"http:\/\/kathrinbode.de\/art\/category\/wildtierkamera\/"},"img":{"alt_text":"","src":"https:\/\/i0.wp.com\/kathrinbode.de\/art\/wp-content\/uploads\/2019\/10\/SUNP0362.jpg?fit=1000%2C750&resize=350%2C200","width":350,"height":200,"srcset":"https:\/\/i0.wp.com\/kathrinbode.de\/art\/wp-content\/uploads\/2019\/10\/SUNP0362.jpg?fit=1000%2C750&resize=350%2C200 1x, https:\/\/i0.wp.com\/kathrinbode.de\/art\/wp-content\/uploads\/2019\/10\/SUNP0362.jpg?fit=1000%2C750&resize=525%2C300 1.5x, https:\/\/i0.wp.com\/kathrinbode.de\/art\/wp-content\/uploads\/2019\/10\/SUNP0362.jpg?fit=1000%2C750&resize=700%2C400 2x"},"classes":[]},{"id":18207,"url":"http:\/\/kathrinbode.de\/art\/2024\/10\/2024-september-wildtierkamera-garten\/","url_meta":{"origin":6816,"position":5},"title":"2024 September Wildtierkamera Garten","author":"Kathrin","date":"Oktober 13, 2024","format":false,"excerpt":"Die Wildtierkamera im Garten mit Igel, Marder und Ratte :) Das Video dazu https:\/\/youtu.be\/oFFISYsmLrU?si=m_AJMR5oY3AFnBks","rel":"","context":"In &quot;Garten&quot;","block_context":{"text":"Garten","link":"http:\/\/kathrinbode.de\/art\/category\/garten\/"},"img":{"alt_text":"","src":"https:\/\/i0.wp.com\/kathrinbode.de\/art\/wp-content\/uploads\/2024\/10\/2024-September-Wildtierkamera-Garten-18.jpg?fit=1200%2C675&resize=350%2C200","width":350,"height":200,"srcset":"https:\/\/i0.wp.com\/kathrinbode.de\/art\/wp-content\/uploads\/2024\/10\/2024-September-Wildtierkamera-Garten-18.jpg?fit=1200%2C675&resize=350%2C200 1x, https:\/\/i0.wp.com\/kathrinbode.de\/art\/wp-content\/uploads\/2024\/10\/2024-September-Wildtierkamera-Garten-18.jpg?fit=1200%2C675&resize=525%2C300 1.5x, https:\/\/i0.wp.com\/kathrinbode.de\/art\/wp-content\/uploads\/2024\/10\/2024-September-Wildtierkamera-Garten-18.jpg?fit=1200%2C675&resize=700%2C400 2x, https:\/\/i0.wp.com\/kathrinbode.de\/art\/wp-content\/uploads\/2024\/10\/2024-September-Wildtierkamera-Garten-18.jpg?fit=1200%2C675&resize=1050%2C600 3x"},"classes":[]}],"_links":{"self":[{"href":"http:\/\/kathrinbode.de\/art\/wp-json\/wp\/v2\/posts\/6816","targetHints":{"allow":["GET"]}}],"collection":[{"href":"http:\/\/kathrinbode.de\/art\/wp-json\/wp\/v2\/posts"}],"about":[{"href":"http:\/\/kathrinbode.de\/art\/wp-json\/wp\/v2\/types\/post"}],"author":[{"embeddable":true,"href":"http:\/\/kathrinbode.de\/art\/wp-json\/wp\/v2\/users\/1"}],"replies":[{"embeddable":true,"href":"http:\/\/kathrinbode.de\/art\/wp-json\/wp\/v2\/comments?post=6816"}],"version-history":[{"count":1,"href":"http:\/\/kathrinbode.de\/art\/wp-json\/wp\/v2\/posts\/6816\/revisions"}],"predecessor-version":[{"id":6822,"href":"http:\/\/kathrinbode.de\/art\/wp-json\/wp\/v2\/posts\/6816\/revisions\/6822"}],"wp:featuredmedia":[{"embeddable":true,"href":"http:\/\/kathrinbode.de\/art\/wp-json\/wp\/v2\/media\/6819"}],"wp:attachment":[{"href":"http:\/\/kathrinbode.de\/art\/wp-json\/wp\/v2\/media?parent=6816"}],"wp:term":[{"taxonomy":"category","embeddable":true,"href":"http:\/\/kathrinbode.de\/art\/wp-json\/wp\/v2\/categories?post=6816"},{"taxonomy":"post_tag","embeddable":true,"href":"http:\/\/kathrinbode.de\/art\/wp-json\/wp\/v2\/tags?post=6816"}],"curies":[{"name":"wp","href":"https:\/\/api.w.org\/{rel}","templated":true}]}}